[{"@context":"https:\/\/schema.org\/","@type":"Article","@id":"https:\/\/www.calorim.sk\/zelena-je-trava-ale-aj-vase-saty\/#Article","mainEntityOfPage":"https:\/\/www.calorim.sk\/zelena-je-trava-ale-aj-vase-saty\/","headline":"Zelen\u00e1 je tr\u00e1va, ale aj va\u0161e \u0161aty","name":"Zelen\u00e1 je tr\u00e1va, ale aj va\u0161e \u0161aty","description":"Pracujete teda v \u0161kolstve a va\u0161i \u017eiaci sa spr\u00e1vaj\u00fa rok od roka \u010doraz hor\u0161ie? Alebo ste v situ\u00e1ci\u00ed, \u017ee sa v\u00e1m v pr\u00e1ci nedar\u00ed a v\u00e1\u0161 \u0161\u00e9f si na v\u00e1s poriadne zasadol? Vynad\u00e1 v\u00e1m pri ka\u017edej mo\u017enej situ\u00e1ci\u00ed a vy neviete ako z toho von? [&hellip;]","datePublished":"2021-03-14","dateModified":"2023-04-26","author":{"@type":"Person","@id":"https:\/\/www.calorim.sk\/author\/#Person","name":"","url":"https:\/\/www.calorim.sk\/author\/","identifier":1,"image":{"@type":"ImageObject","@id":"https:\/\/secure.gravatar.com\/avatar\/d3163b56da0fbe010a5181dcf7396b9bd721056c768c8d190d293b864efe53fe?s=96&d=mm&r=g","url":"https:\/\/secure.gravatar.com\/avatar\/d3163b56da0fbe010a5181dcf7396b9bd721056c768c8d190d293b864efe53fe?s=96&d=mm&r=g","height":96,"width":96}},"publisher":{"@type":"Organization","name":"calorim.sk","logo":{"@type":"ImageObject","@id":"\/logo.png","url":"\/logo.png","width":600,"height":60}},"image":{"@type":"ImageObject","@id":"https:\/\/www.calorim.sk\/wp-content\/uploads\/portrait-1324072_1920.jpg","url":"https:\/\/www.calorim.sk\/wp-content\/uploads\/portrait-1324072_1920.jpg","height":0,"width":0},"url":"https:\/\/www.calorim.sk\/zelena-je-trava-ale-aj-vase-saty\/","about":["N\u00e1kupy"],"wordCount":429,"articleBody":"        Pracujete teda v \u0161kolstve a va\u0161i \u017eiaci sa spr\u00e1vaj\u00fa rok od roka \u010doraz hor\u0161ie? Alebo ste v situ\u00e1ci\u00ed, \u017ee sa v\u00e1m v pr\u00e1ci nedar\u00ed a v\u00e1\u0161 \u0161\u00e9f si na v\u00e1s poriadne zasadol? Vynad\u00e1 v\u00e1m pri ka\u017edej mo\u017enej situ\u00e1ci\u00ed a vy neviete ako z toho von? \u010ci sa v\u00e1m deje nie\u010do tak\u00e9, \u017ee z v\u00e1\u0161ho man\u017eela sr\u0161\u00ed negat\u00edvna energia, neust\u00e1le v\u00e1\u0161 ur\u00e1\u017ea, pokrikuje po v\u00e1s a nev\u00e1\u017ei si v\u00e1s? \u010ci ste z\u00fafal\u00e1 zo situ\u00e1cie, \u017ee va\u0161a kamar\u00e1tka sa len s\u0165a\u017euje? Va\u0161e deti s\u00fa neust\u00e1le v behu, nikdy si nesadn\u00fa a s\u00fa nepokojn\u00e9? Tak\u00e9to situ\u00e1cie sa v \u017eivote st\u00e1vaj\u00fa. \u010ci u\u017e ste sa stretli s jednou, dvoma alebo sa v\u00e1m ich nakopilo aj viac v moment\u00e1lnom obdob\u00ed, tak nie ste ni\u010d\u00edm v\u00fdnimo\u010dn\u00e9. \u017dijete norm\u00e1lny \u017eivot, ktor\u00fd so sebou prin\u00e1\u0161a aj tak\u00e9to chv\u00edle. Nie v\u017edy je to len o \u0161\u0165astn\u00fdch okamihoch.. aspo\u0148 si ich vieme v\u00e1\u017ei\u0165. M\u00e1m pre v\u00e1s v\u0161ak jedno rie\u0161enie, ktor\u00e9 s\u00edce nevyrie\u0161i \u00faplne va\u0161e probl\u00e9my, ale aspo\u0148 \u010diasto\u010dne m\u00f4\u017ee pom\u00f4c\u0165. Asi si teraz \u0165uk\u00e1te na \u010delo a mysl\u00edte si, \u017ee ako by mohli jedny \u0161aty vyrie\u0161i\u0165 alebo pom\u00f4c\u0165 k rie\u0161eniu nie\u010doho tak\u00e9ho ako s\u00fa va\u0161e vy\u0161\u0161ie spom\u00ednan\u00e9 probl\u00e9my&#8230; No, zabrzdite a \u010d\u00edtajte \u010falej. Zelen\u00e1 je farba, ktor\u00e1 upokojuje \u013eudsk\u00fd organizmus. Pr\u00e1ve preto sa v pr\u00edrode c\u00edtime dobre, odd\u00fdchnuto a nap\u013a\u0148a n\u00e1s energiou. To, \u017ee zelen\u00e1 farba upokojuje je vedecky dok\u00e1zan\u00e9 a u\u017e ni\u010d to nedok\u00e1\u017ee vyvr\u00e1ti\u0165. Zelen\u00e9 \u0161aty s\u00fa preto najvhodnej\u0161ou mo\u017enos\u0165ou na to, \u010do by ste si mali obliec\u0165, ak v\u00e1s \u010dak\u00e1 n\u00e1ro\u010dn\u00fd de\u0148, pr\u00edpadne viete o tom, \u017ee pr\u00e1ve v tento de\u0148 bude niekto isto iste nerv\u00f3zny. Navy\u0161e pri k\u00fape \u0161iat sa upokoj\u00edte vy a doprajete si rados\u0165, \u010do v\u00e1m iste zdvihne va\u0161u n\u00e1ladu. Ke\u010f sa uvid\u00edte v zrkadle, z\u00e1rove\u0148 upokoj\u00edte aj samy seba, preto\u017ee na v\u00e1s bude p\u00f4sobi\u0165 dan\u00e1 zelen\u00e1 farba z va\u0161ich n\u00e1dhern\u00fdch nov\u00fdch \u0161iat. Verte mi, \u017ee s tak\u00fdmito \u0161atami sa v\u00e1\u0161 \u017eivot zmen\u00ed a to rozhodne len k lep\u0161iemu. \u013dutuj\u00fa len tie d\u00e1my, ktor\u00e9 ich e\u0161te nemaj\u00fa.                                                                                                                                                                                                                                                                                                                                                                                           4.4\/5 - (10 votes)        "},{"@context":"https:\/\/schema.org\/","@type":"BreadcrumbList","itemListElement":[{"@type":"ListItem","position":1,"name":"Zelen\u00e1 je tr\u00e1va, ale aj va\u0161e \u0161aty","item":"https:\/\/www.calorim.sk\/zelena-je-trava-ale-aj-vase-saty\/#breadcrumbitem"}]}]